{"id":1748,"date":"2025-06-02T11:29:34","date_gmt":"2025-06-02T09:29:34","guid":{"rendered":"https:\/\/insid.gov.cz\/informace-ke-zverejneni-vyrocnich-zprav\/"},"modified":"2025-06-02T11:29:34","modified_gmt":"2025-06-02T09:29:34","slug":"informace-ke-zverejneni-vyrocnich-zprav","status":"publish","type":"post","link":"https:\/\/insid.gov.cz\/de\/informace-ke-zverejneni-vyrocnich-zprav\/","title":{"rendered":"Informace ke zve\u0159ejn\u011bn\u00ed v\u00fdro\u010dn\u00edch zpr\u00e1v"},"content":{"rendered":"\n<div class=\"wp-block-group is-layout-constrained wp-block-group-is-layout-constrained\">\n<div class=\"wp-block-group is-layout-flow wp-block-group-is-layout-flow\" style=\"padding-top:0;padding-right:0;padding-bottom:0;padding-left:0\">\n<div class=\"wp-block-group has-text-color has-background has-link-color wp-elements-cbb3fa23a59c8232d35691df53a1a94c is-nowrap is-layout-flex wp-container-core-group-is-layout-2f90052a wp-block-group-is-layout-flex\" style=\"color:#c62828;background-color:#fde3e3;padding-top:var(--wp--preset--spacing--40);padding-right:var(--wp--preset--spacing--40);padding-bottom:var(--wp--preset--spacing--40);padding-left:var(--wp--preset--spacing--40)\">\n<div class=\"wp-block-outermost-icon-block\"><div class=\"icon-container\" style=\"width:16px;transform:rotate(0deg) scaleX(1) scaleY(1)\"><svg width=\"16\" height=\"16\" viewBox=\"0 0 16 16\" fill=\"none\" xmlns=\"http:\/\/www.w3.org\/2000\/svg\"><g clip-path=\"url(#clip0_85_6509)\"><path d=\"M8.98195 1.56601C8.88296 1.39358 8.74022 1.25031 8.56815 1.15069C8.39608 1.05106 8.20078 0.998596 8.00195 0.998596C7.80312 0.998596 7.60781 1.05106 7.43574 1.15069C7.26367 1.25031 7.12094 1.39358 7.02195 1.56601L0.164946 13.233C-0.292054 14.011 0.255946 15 1.14495 15H14.8579C15.7469 15 16.2959 14.01 15.8379 13.233L8.98195 1.56601ZM7.99995 5.00001C8.53495 5.00001 8.95395 5.46201 8.89995 5.99501L8.54995 9.50201C8.53819 9.63978 8.47515 9.76813 8.3733 9.86165C8.27145 9.95517 8.13822 10.0071 7.99995 10.0071C7.86167 10.0071 7.72844 9.95517 7.62659 9.86165C7.52474 9.76813 7.46171 9.63978 7.44995 9.50201L7.09995 5.99501C7.08738 5.86925 7.10129 5.74224 7.14079 5.62218C7.18029 5.50212 7.2445 5.39166 7.32929 5.29792C7.41408 5.20419 7.51756 5.12925 7.63307 5.07794C7.74858 5.02663 7.87355 5.00008 7.99995 5.00001ZM8.00195 11C8.26716 11 8.52152 11.1054 8.70905 11.2929C8.89659 11.4804 9.00195 11.7348 9.00195 12C9.00195 12.2652 8.89659 12.5196 8.70905 12.7071C8.52152 12.8947 8.26716 13 8.00195 13C7.73673 13 7.48238 12.8947 7.29484 12.7071C7.1073 12.5196 7.00195 12.2652 7.00195 12C7.00195 11.7348 7.1073 11.4804 7.29484 11.2929C7.48238 11.1054 7.73673 11 8.00195 11Z\" fill=\"currentColor\"><\/path><\/g><defs><clipPath id=\"clip0_85_6509\"><rect width=\"16\" height=\"16\" fill=\"white\"><\/rect><\/clipPath><\/defs><\/svg><\/div><\/div>\n\n\n\n<p class=\"has-contrast-color has-text-color has-link-color wp-elements-ca307e07f0599bc0a2cd4545a0670c71\">V\u00fdro\u010dn\u00ed zpr\u00e1vy budou zve\u0159ejn\u011bny v prvn\u00ed polovin\u011b roku 2026. D\u011bkujeme za pochopen\u00ed.<\/p>\n<\/div>\n<\/div>\n<\/div>\n\n\n\n<p><\/p>\n","protected":false},"excerpt":{"rendered":"<p>V\u00fdro\u010dn\u00ed zpr\u00e1vy budou zve\u0159ejn\u011bny v prvn\u00ed polovin\u011b roku 2026. D\u011bkujeme za pochopen\u00ed.<\/p>\n","protected":false},"author":3,"featured_media":0,"comment_status":"closed","ping_status":"closed","sticky":false,"template":"","format":"standard","meta":{"inline_featured_image":false,"_jetpack_memberships_contains_paid_content":false,"footnotes":""},"categories":[58],"tags":[],"class_list":["post-1748","post","type-post","status-publish","format-standard","hentry","category-vyrocni-zpravy-de"],"yoast_head":"<!-- This site is optimized with the Yoast SEO plugin v27.5 - https:\/\/yoast.com\/product\/yoast-seo-wordpress\/ -->\n<title>Informace ke zve\u0159ejn\u011bn\u00ed v\u00fdro\u010dn\u00edch zpr\u00e1v - Inspekce silni\u010dn\u00ed dopravy<\/title>\n<meta name=\"robots\" content=\"index, follow, max-snippet:-1, max-image-preview:large, max-video-preview:-1\" \/>\n<link rel=\"canonical\" href=\"https:\/\/insid.gov.cz\/de\/informace-ke-zverejneni-vyrocnich-zprav\/\" \/>\n<meta property=\"og:locale\" content=\"de_DE\" \/>\n<meta property=\"og:type\" content=\"article\" \/>\n<meta property=\"og:title\" content=\"Informace ke zve\u0159ejn\u011bn\u00ed v\u00fdro\u010dn\u00edch zpr\u00e1v - Inspekce silni\u010dn\u00ed dopravy\" \/>\n<meta property=\"og:description\" content=\"V\u00fdro\u010dn\u00ed zpr\u00e1vy budou zve\u0159ejn\u011bny v prvn\u00ed polovin\u011b roku 2026. D\u011bkujeme za pochopen\u00ed.\" \/>\n<meta property=\"og:url\" content=\"https:\/\/insid.gov.cz\/de\/informace-ke-zverejneni-vyrocnich-zprav\/\" \/>\n<meta property=\"og:site_name\" content=\"Inspekce silni\u010dn\u00ed dopravy\" \/>\n<meta property=\"article:publisher\" content=\"https:\/\/www.facebook.com\/people\/INSID-Inspekce-silnin-dopravy\/61577005171287\/\" \/>\n<meta property=\"article:published_time\" content=\"2025-06-02T09:29:34+00:00\" \/>\n<meta name=\"author\" content=\"josef.pospisil\" \/>\n<meta name=\"twitter:card\" content=\"summary_large_image\" \/>\n<script type=\"application\/ld+json\" class=\"yoast-schema-graph\">{\"@context\":\"https:\\\/\\\/schema.org\",\"@graph\":[{\"@type\":\"Article\",\"@id\":\"https:\\\/\\\/insid.gov.cz\\\/de\\\/informace-ke-zverejneni-vyrocnich-zprav\\\/#article\",\"isPartOf\":{\"@id\":\"https:\\\/\\\/insid.gov.cz\\\/de\\\/informace-ke-zverejneni-vyrocnich-zprav\\\/\"},\"author\":{\"name\":\"josef.pospisil\",\"@id\":\"https:\\\/\\\/insid.gov.cz\\\/#\\\/schema\\\/person\\\/c7cdc099b52f31960c4d5b8e13f42504\"},\"headline\":\"Informace ke zve\u0159ejn\u011bn\u00ed v\u00fdro\u010dn\u00edch zpr\u00e1v\",\"datePublished\":\"2025-06-02T09:29:34+00:00\",\"mainEntityOfPage\":{\"@id\":\"https:\\\/\\\/insid.gov.cz\\\/de\\\/informace-ke-zverejneni-vyrocnich-zprav\\\/\"},\"wordCount\":28,\"publisher\":{\"@id\":\"https:\\\/\\\/insid.gov.cz\\\/#organization\"},\"articleSection\":[\"V\u00fdro\u010dn\u00ed zpr\u00e1vy\"],\"inLanguage\":\"de\"},{\"@type\":\"WebPage\",\"@id\":\"https:\\\/\\\/insid.gov.cz\\\/de\\\/informace-ke-zverejneni-vyrocnich-zprav\\\/\",\"url\":\"https:\\\/\\\/insid.gov.cz\\\/de\\\/informace-ke-zverejneni-vyrocnich-zprav\\\/\",\"name\":\"Informace ke zve\u0159ejn\u011bn\u00ed v\u00fdro\u010dn\u00edch zpr\u00e1v - Inspekce silni\u010dn\u00ed dopravy\",\"isPartOf\":{\"@id\":\"https:\\\/\\\/insid.gov.cz\\\/#website\"},\"datePublished\":\"2025-06-02T09:29:34+00:00\",\"breadcrumb\":{\"@id\":\"https:\\\/\\\/insid.gov.cz\\\/de\\\/informace-ke-zverejneni-vyrocnich-zprav\\\/#breadcrumb\"},\"inLanguage\":\"de\",\"potentialAction\":[{\"@type\":\"ReadAction\",\"target\":[\"https:\\\/\\\/insid.gov.cz\\\/de\\\/informace-ke-zverejneni-vyrocnich-zprav\\\/\"]}]},{\"@type\":\"BreadcrumbList\",\"@id\":\"https:\\\/\\\/insid.gov.cz\\\/de\\\/informace-ke-zverejneni-vyrocnich-zprav\\\/#breadcrumb\",\"itemListElement\":[{\"@type\":\"ListItem\",\"position\":1,\"name\":\"Dom\u016f\",\"item\":\"https:\\\/\\\/insid.gov.cz\\\/de\\\/\"},{\"@type\":\"ListItem\",\"position\":2,\"name\":\"Informace ke zve\u0159ejn\u011bn\u00ed v\u00fdro\u010dn\u00edch zpr\u00e1v\"}]},{\"@type\":\"WebSite\",\"@id\":\"https:\\\/\\\/insid.gov.cz\\\/#website\",\"url\":\"https:\\\/\\\/insid.gov.cz\\\/\",\"name\":\"INSID\",\"description\":\"\",\"publisher\":{\"@id\":\"https:\\\/\\\/insid.gov.cz\\\/#organization\"},\"potentialAction\":[{\"@type\":\"SearchAction\",\"target\":{\"@type\":\"EntryPoint\",\"urlTemplate\":\"https:\\\/\\\/insid.gov.cz\\\/?s={search_term_string}\"},\"query-input\":{\"@type\":\"PropertyValueSpecification\",\"valueRequired\":true,\"valueName\":\"search_term_string\"}}],\"inLanguage\":\"de\"},{\"@type\":\"Organization\",\"@id\":\"https:\\\/\\\/insid.gov.cz\\\/#organization\",\"name\":\"Inspekce silni\u010dn\u00ed dopravy\",\"url\":\"https:\\\/\\\/insid.gov.cz\\\/\",\"logo\":{\"@type\":\"ImageObject\",\"inLanguage\":\"de\",\"@id\":\"https:\\\/\\\/insid.gov.cz\\\/#\\\/schema\\\/logo\\\/image\\\/\",\"url\":\"https:\\\/\\\/insid.gov.cz\\\/wp-content\\\/uploads\\\/2025\\\/05\\\/INSID-LOGO-barevna-verze-scaled.png\",\"contentUrl\":\"https:\\\/\\\/insid.gov.cz\\\/wp-content\\\/uploads\\\/2025\\\/05\\\/INSID-LOGO-barevna-verze-scaled.png\",\"width\":2560,\"height\":1027,\"caption\":\"Inspekce silni\u010dn\u00ed dopravy\"},\"image\":{\"@id\":\"https:\\\/\\\/insid.gov.cz\\\/#\\\/schema\\\/logo\\\/image\\\/\"},\"sameAs\":[\"https:\\\/\\\/www.facebook.com\\\/people\\\/INSID-Inspekce-silnin-dopravy\\\/61577005171287\\\/\"]},{\"@type\":\"Person\",\"@id\":\"https:\\\/\\\/insid.gov.cz\\\/#\\\/schema\\\/person\\\/c7cdc099b52f31960c4d5b8e13f42504\",\"name\":\"josef.pospisil\"}]}<\/script>\n<!-- \/ Yoast SEO plugin. -->","yoast_head_json":{"title":"Informace ke zve\u0159ejn\u011bn\u00ed v\u00fdro\u010dn\u00edch zpr\u00e1v - Inspekce silni\u010dn\u00ed dopravy","robots":{"index":"index","follow":"follow","max-snippet":"max-snippet:-1","max-image-preview":"max-image-preview:large","max-video-preview":"max-video-preview:-1"},"canonical":"https:\/\/insid.gov.cz\/de\/informace-ke-zverejneni-vyrocnich-zprav\/","og_locale":"de_DE","og_type":"article","og_title":"Informace ke zve\u0159ejn\u011bn\u00ed v\u00fdro\u010dn\u00edch zpr\u00e1v - Inspekce silni\u010dn\u00ed dopravy","og_description":"V\u00fdro\u010dn\u00ed zpr\u00e1vy budou zve\u0159ejn\u011bny v prvn\u00ed polovin\u011b roku 2026. D\u011bkujeme za pochopen\u00ed.","og_url":"https:\/\/insid.gov.cz\/de\/informace-ke-zverejneni-vyrocnich-zprav\/","og_site_name":"Inspekce silni\u010dn\u00ed dopravy","article_publisher":"https:\/\/www.facebook.com\/people\/INSID-Inspekce-silnin-dopravy\/61577005171287\/","article_published_time":"2025-06-02T09:29:34+00:00","author":"josef.pospisil","twitter_card":"summary_large_image","schema":{"@context":"https:\/\/schema.org","@graph":[{"@type":"Article","@id":"https:\/\/insid.gov.cz\/de\/informace-ke-zverejneni-vyrocnich-zprav\/#article","isPartOf":{"@id":"https:\/\/insid.gov.cz\/de\/informace-ke-zverejneni-vyrocnich-zprav\/"},"author":{"name":"josef.pospisil","@id":"https:\/\/insid.gov.cz\/#\/schema\/person\/c7cdc099b52f31960c4d5b8e13f42504"},"headline":"Informace ke zve\u0159ejn\u011bn\u00ed v\u00fdro\u010dn\u00edch zpr\u00e1v","datePublished":"2025-06-02T09:29:34+00:00","mainEntityOfPage":{"@id":"https:\/\/insid.gov.cz\/de\/informace-ke-zverejneni-vyrocnich-zprav\/"},"wordCount":28,"publisher":{"@id":"https:\/\/insid.gov.cz\/#organization"},"articleSection":["V\u00fdro\u010dn\u00ed zpr\u00e1vy"],"inLanguage":"de"},{"@type":"WebPage","@id":"https:\/\/insid.gov.cz\/de\/informace-ke-zverejneni-vyrocnich-zprav\/","url":"https:\/\/insid.gov.cz\/de\/informace-ke-zverejneni-vyrocnich-zprav\/","name":"Informace ke zve\u0159ejn\u011bn\u00ed v\u00fdro\u010dn\u00edch zpr\u00e1v - Inspekce silni\u010dn\u00ed dopravy","isPartOf":{"@id":"https:\/\/insid.gov.cz\/#website"},"datePublished":"2025-06-02T09:29:34+00:00","breadcrumb":{"@id":"https:\/\/insid.gov.cz\/de\/informace-ke-zverejneni-vyrocnich-zprav\/#breadcrumb"},"inLanguage":"de","potentialAction":[{"@type":"ReadAction","target":["https:\/\/insid.gov.cz\/de\/informace-ke-zverejneni-vyrocnich-zprav\/"]}]},{"@type":"BreadcrumbList","@id":"https:\/\/insid.gov.cz\/de\/informace-ke-zverejneni-vyrocnich-zprav\/#breadcrumb","itemListElement":[{"@type":"ListItem","position":1,"name":"Dom\u016f","item":"https:\/\/insid.gov.cz\/de\/"},{"@type":"ListItem","position":2,"name":"Informace ke zve\u0159ejn\u011bn\u00ed v\u00fdro\u010dn\u00edch zpr\u00e1v"}]},{"@type":"WebSite","@id":"https:\/\/insid.gov.cz\/#website","url":"https:\/\/insid.gov.cz\/","name":"INSID","description":"","publisher":{"@id":"https:\/\/insid.gov.cz\/#organization"},"potentialAction":[{"@type":"SearchAction","target":{"@type":"EntryPoint","urlTemplate":"https:\/\/insid.gov.cz\/?s={search_term_string}"},"query-input":{"@type":"PropertyValueSpecification","valueRequired":true,"valueName":"search_term_string"}}],"inLanguage":"de"},{"@type":"Organization","@id":"https:\/\/insid.gov.cz\/#organization","name":"Inspekce silni\u010dn\u00ed dopravy","url":"https:\/\/insid.gov.cz\/","logo":{"@type":"ImageObject","inLanguage":"de","@id":"https:\/\/insid.gov.cz\/#\/schema\/logo\/image\/","url":"https:\/\/insid.gov.cz\/wp-content\/uploads\/2025\/05\/INSID-LOGO-barevna-verze-scaled.png","contentUrl":"https:\/\/insid.gov.cz\/wp-content\/uploads\/2025\/05\/INSID-LOGO-barevna-verze-scaled.png","width":2560,"height":1027,"caption":"Inspekce silni\u010dn\u00ed dopravy"},"image":{"@id":"https:\/\/insid.gov.cz\/#\/schema\/logo\/image\/"},"sameAs":["https:\/\/www.facebook.com\/people\/INSID-Inspekce-silnin-dopravy\/61577005171287\/"]},{"@type":"Person","@id":"https:\/\/insid.gov.cz\/#\/schema\/person\/c7cdc099b52f31960c4d5b8e13f42504","name":"josef.pospisil"}]}},"jetpack_featured_media_url":"","jetpack_sharing_enabled":true,"_links":{"self":[{"href":"https:\/\/insid.gov.cz\/de\/wp-json\/wp\/v2\/posts\/1748","targetHints":{"allow":["GET"]}}],"collection":[{"href":"https:\/\/insid.gov.cz\/de\/wp-json\/wp\/v2\/posts"}],"about":[{"href":"https:\/\/insid.gov.cz\/de\/wp-json\/wp\/v2\/types\/post"}],"author":[{"embeddable":true,"href":"https:\/\/insid.gov.cz\/de\/wp-json\/wp\/v2\/users\/3"}],"replies":[{"embeddable":true,"href":"https:\/\/insid.gov.cz\/de\/wp-json\/wp\/v2\/comments?post=1748"}],"version-history":[{"count":0,"href":"https:\/\/insid.gov.cz\/de\/wp-json\/wp\/v2\/posts\/1748\/revisions"}],"wp:attachment":[{"href":"https:\/\/insid.gov.cz\/de\/wp-json\/wp\/v2\/media?parent=1748"}],"wp:term":[{"taxonomy":"category","embeddable":true,"href":"https:\/\/insid.gov.cz\/de\/wp-json\/wp\/v2\/categories?post=1748"},{"taxonomy":"post_tag","embeddable":true,"href":"https:\/\/insid.gov.cz\/de\/wp-json\/wp\/v2\/tags?post=1748"}],"curies":[{"name":"wp","href":"https:\/\/api.w.org\/{rel}","templated":true}]}}